{"id":25718,"date":"2020-12-14T22:58:49","date_gmt":"2020-12-14T21:58:49","guid":{"rendered":"http:\/\/www.luigiaccattoli.it\/blog\/?p=25718"},"modified":"2020-12-14T22:58:49","modified_gmt":"2020-12-14T21:58:49","slug":"ora-curo-da-casa-la-mia-insufficienza-respiratoria-acuta","status":"publish","type":"post","link":"https:\/\/www.luigiaccattoli.it\/blog\/ora-curo-da-casa-la-mia-insufficienza-respiratoria-acuta\/","title":{"rendered":"Ora curo da casa la mia &#8220;insufficienza respiratoria acuta&#8221;"},"content":{"rendered":"<p>Oggi pomeriggio mi hanno dimesso dall&#8217;ospedale San Giovanni dov&#8217;ero ricoverato dal 29 novembre per polmonite da Covid 19: mi hanno dimesso con la prescrizione della cura a domicilio da condurre sotto la responsabilit\u00e0 del medico di base. Avevo gi\u00e0 fatto dieci giorni di cura domestica a partire dal 19 novembre, data di scoperta della positivit\u00e0; ai quali sono seguiti sedici giorni di ospedale, che saranno ora completati da un paio di settimane &#8211; forse &#8211; di seconda fase domestica. In totale &#8211; se tutto andr\u00e0 bene &#8211; una quarantina di giorni di duello ravvicinato con la Bestia. Pare che io l&#8217;abbia mezzo scampata, ma pare anche che il rischio corso sia stato forte. Di pi\u00f9 al momento non oso interpretare. Mi hanno portato a casa in ambulanza perch\u00e8 sono ancora positivo, ma dovrei riuscire a respirare e camminare senza apporto esterno di ossigeno. Una bombola \u00e8 accanto al comodino, se tornasse a mancarmi il fiato. La notte che sto per imboccare sar\u00e0 la prima che prover\u00f2 ad attraversare senza indossare la maschera dell&#8217;ossigeno e dunque anche la prima, dopo le ultime sedici, in cui non dovr\u00f2 sopportare la compagnia del leggero delirio che soffia dalla maschera. <\/p>\n","protected":false},"excerpt":{"rendered":"<p>Oggi pomeriggio mi hanno dimesso dall&#8217;ospedale San Giovanni dov&#8217;ero ricoverato dal 29 novembre per polmonite da Covid 19: mi hanno dimesso con la prescrizione della cura a domicilio da condurre&#8230;<\/p>\n<div class=\"more-link-wrapper\"><a class=\"more-link\" href=\"https:\/\/www.luigiaccattoli.it\/blog\/ora-curo-da-casa-la-mia-insufficienza-respiratoria-acuta\/\">Read More<span class=\"screen-reader-text\">Ora curo da casa la mia &#8220;insufficienza respiratoria acuta&#8221;<\/span><\/a><\/div>\n","protected":false},"author":1,"featured_media":0,"comment_status":"open","ping_status":"closed","sticky":false,"template":"","format":"standard","meta":{"_monsterinsights_skip_tracking":false,"_monsterinsights_sitenote_active":false,"_monsterinsights_sitenote_note":"","_monsterinsights_sitenote_category":0,"footnotes":""},"categories":[1],"tags":[],"class_list":["post-25718","post","type-post","status-publish","format-standard","hentry","category-varie","excerpt"],"_links":{"self":[{"href":"https:\/\/www.luigiaccattoli.it\/blog\/wp-json\/wp\/v2\/posts\/25718","targetHints":{"allow":["GET"]}}],"collection":[{"href":"https:\/\/www.luigiaccattoli.it\/blog\/wp-json\/wp\/v2\/posts"}],"about":[{"href":"https:\/\/www.luigiaccattoli.it\/blog\/wp-json\/wp\/v2\/types\/post"}],"author":[{"embeddable":true,"href":"https:\/\/www.luigiaccattoli.it\/blog\/wp-json\/wp\/v2\/users\/1"}],"replies":[{"embeddable":true,"href":"https:\/\/www.luigiaccattoli.it\/blog\/wp-json\/wp\/v2\/comments?post=25718"}],"version-history":[{"count":1,"href":"https:\/\/www.luigiaccattoli.it\/blog\/wp-json\/wp\/v2\/posts\/25718\/revisions"}],"predecessor-version":[{"id":25725,"href":"https:\/\/www.luigiaccattoli.it\/blog\/wp-json\/wp\/v2\/posts\/25718\/revisions\/25725"}],"wp:attachment":[{"href":"https:\/\/www.luigiaccattoli.it\/blog\/wp-json\/wp\/v2\/media?parent=25718"}],"wp:term":[{"taxonomy":"category","embeddable":true,"href":"https:\/\/www.luigiaccattoli.it\/blog\/wp-json\/wp\/v2\/categories?post=25718"},{"taxonomy":"post_tag","embeddable":true,"href":"https:\/\/www.luigiaccattoli.it\/blog\/wp-json\/wp\/v2\/tags?post=25718"}],"curies":[{"name":"wp","href":"https:\/\/api.w.org\/{rel}","templated":true}]}}