{"id":30973,"date":"2026-09-05T18:05:54","date_gmt":"2026-09-05T16:05:54","guid":{"rendered":"https:\/\/www.luigiaccattoli.it\/blog\/?p=30973"},"modified":"2026-09-05T19:00:34","modified_gmt":"2026-09-05T17:00:34","slug":"i-quindici-di-bose-presenti-al-funerale-di-fratel-enzo","status":"publish","type":"post","link":"https:\/\/www.luigiaccattoli.it\/blog\/i-quindici-di-bose-presenti-al-funerale-di-fratel-enzo\/","title":{"rendered":"I quindici di Bose presenti al funerale di fratel Enzo"},"content":{"rendered":"\n<figure class=\"wp-block-image size-full is-resized\"><a href=\"https:\/\/www.luigiaccattoli.it\/blog\/wp-content\/uploads\/2026\/09\/image-2026-09-05T175001.254.jpg\"><img loading=\"lazy\" decoding=\"async\" width=\"1024\" height=\"512\" src=\"https:\/\/www.luigiaccattoli.it\/blog\/wp-content\/uploads\/2026\/09\/image-2026-09-05T175001.254.jpg\" alt=\"\" class=\"wp-image-30974\" style=\"width:503px;height:auto\" srcset=\"https:\/\/www.luigiaccattoli.it\/blog\/wp-content\/uploads\/2026\/09\/image-2026-09-05T175001.254.jpg 1024w, https:\/\/www.luigiaccattoli.it\/blog\/wp-content\/uploads\/2026\/09\/image-2026-09-05T175001.254-300x150.jpg 300w, https:\/\/www.luigiaccattoli.it\/blog\/wp-content\/uploads\/2026\/09\/image-2026-09-05T175001.254-768x384.jpg 768w\" sizes=\"auto, (max-width: 1024px) 100vw, 1024px\" \/><\/a><figcaption class=\"wp-element-caption\">Al funerale di Enzo Bianchi, il 3 settembre a Castel Boglione, erano presenti l&#8217;attuale priore di Bose, Sabino Chial\u00e0, e 15 tra fratelli e sorelle della Comunit\u00e0. Mi \u00e8 sembrato il primo gesto di riconciliazione dopo la pubblicazione &#8211; sempre da parte della Comunit\u00e0 &#8211; dello scambio di messaggi tra Enzo e Sabino che a quella pacificazione si erano impegnati: vedi qui nel blog i post del 1\u00b0 e del 2 settembre. Che quella presenza sia stata chiesta dalla Comunit\u00e0 di Bose e sia stata concessa dalla Comunit\u00e0 della Madia ci d\u00e0 speranza che il cammino di reincontro possa proseguire speditamente. Nei commenti riporto brani del saluto finale a Enzo pronunciato nel funerale da Goffredo Boselli, Priore della Fraternit\u00e0 monastica della Madia, che infine commenter\u00f2 tacendo, o quasi<\/figcaption><\/figure>\n","protected":false},"excerpt":{"rendered":"","protected":false},"author":1,"featured_media":0,"comment_status":"open","ping_status":"closed","sticky":false,"template":"","format":"standard","meta":{"_monsterinsights_skip_tracking":false,"footnotes":""},"categories":[1],"tags":[],"class_list":["post-30973","post","type-post","status-publish","format-standard","hentry","category-varie","excerpt"],"_links":{"self":[{"href":"https:\/\/www.luigiaccattoli.it\/blog\/wp-json\/wp\/v2\/posts\/30973","targetHints":{"allow":["GET"]}}],"collection":[{"href":"https:\/\/www.luigiaccattoli.it\/blog\/wp-json\/wp\/v2\/posts"}],"about":[{"href":"https:\/\/www.luigiaccattoli.it\/blog\/wp-json\/wp\/v2\/types\/post"}],"author":[{"embeddable":true,"href":"https:\/\/www.luigiaccattoli.it\/blog\/wp-json\/wp\/v2\/users\/1"}],"replies":[{"embeddable":true,"href":"https:\/\/www.luigiaccattoli.it\/blog\/wp-json\/wp\/v2\/comments?post=30973"}],"version-history":[{"count":2,"href":"https:\/\/www.luigiaccattoli.it\/blog\/wp-json\/wp\/v2\/posts\/30973\/revisions"}],"predecessor-version":[{"id":30976,"href":"https:\/\/www.luigiaccattoli.it\/blog\/wp-json\/wp\/v2\/posts\/30973\/revisions\/30976"}],"wp:attachment":[{"href":"https:\/\/www.luigiaccattoli.it\/blog\/wp-json\/wp\/v2\/media?parent=30973"}],"wp:term":[{"taxonomy":"category","embeddable":true,"href":"https:\/\/www.luigiaccattoli.it\/blog\/wp-json\/wp\/v2\/categories?post=30973"},{"taxonomy":"post_tag","embeddable":true,"href":"https:\/\/www.luigiaccattoli.it\/blog\/wp-json\/wp\/v2\/tags?post=30973"}],"curies":[{"name":"wp","href":"https:\/\/api.w.org\/{rel}","templated":true}]}}